{"id":478,"date":"2017-06-26T13:03:55","date_gmt":"2017-06-26T13:03:55","guid":{"rendered":"http:\/\/berliner.grafikkalender.de\/?p=478"},"modified":"2017-06-26T13:03:55","modified_gmt":"2017-06-26T13:03:55","slug":"vbk-benninghauspreistraeger-juergen-kellig","status":"publish","type":"post","link":"https:\/\/berliner.grafikkalender.de\/?p=478","title":{"rendered":"VBK Benninghauspreistr\u00e4ger J\u00fcrgen Kellig"},"content":{"rendered":"<p>Sehr geehrte Damen und Herren, Liebe Kunst-Freunde,<br \/>\nich habe dieses Jahr den VBK-Benninghauspreis f\u00fcr mein zeichnerisches Werk bekommen.<br \/>\nAm <strong>Freitag, den 30.6.2017 um 19 Uhr<\/strong> er\u00f6ffnet nun die Einzelpr\u00e4sentation meiner Arbeiten<br \/>\nin der Galerie VEREIN BERLINER K\u00dcNSTLER<br \/>\nmit dem Titel<strong> NOTATIONEN<\/strong><strong>. <\/strong><strong><br \/>\n<\/strong>Es werden haupts\u00e4chlich Zeichnungen der letzten zwei Jahre gezeigt.<strong><br \/>\n<\/strong><br \/>\n<strong>Sie sind herzlich eingeladen!<\/strong><strong><br \/>\n<\/strong><br \/>\nViele Gr\u00fc\u00dfe,<br \/>\nJ\u00fcrgen Kellig<\/p>\n<p>&nbsp;<\/p>\n<p><img data-recalc-dims=\"1\" decoding=\"async\" src=\"https:\/\/i0.wp.com\/berliner.grafikkalender.de\/wp-content\/uploads\/2017\/06\/flyer-20benninghauspreis-2017-1.jpg?w=1080\" alt=\"flyer- benninghauspreis-2017-1.jpg, 119kB\" \/><\/p>\n<p><strong>NOTATIONEN<\/strong><\/p>\n<p><strong>ER\u00d6FFNUNG <\/strong><br \/>\n<strong>Freitag, den 30. Juni 2017 um 19 Uhr<\/strong><br \/>\nSektempfang<br \/>\nBegr\u00fc\u00dfung: Sabine Schneider, 1.Vors. des VBK<br \/>\nEinf\u00fchrung: Wolfgang Siano Kunsthistoriker, Kurator<\/p>\n<p><strong>FINISSAGE<\/strong><br \/>\n23. Juli 2017 um 16 Uhr<br \/>\nmit K\u00fcnstlergespr\u00e4ch und Improvisationen\u00a0von Mike Flemming, Viola<\/p>\n<p>&#8212;<br \/>\n<strong>Dauer der Ausstellung<\/strong><br \/>\n1. Juli 2017 \u2013 23. Juli 2017<\/p>\n<p>Zur Ausstellung erscheint ein <strong>Katalog.<\/strong><\/p>\n<p>Ich werde an den Samstagen 8.7. , 15.7. und 22.7. jeweils von 14 -18 Uhr in der Galerie sein, &#8211; sonst nach Verabredung.<\/p>\n<p>Notation-240-VI_2017_Tusche-Papier_100x240cm (Detail)<\/p>\n","protected":false},"excerpt":{"rendered":"<p>Sehr geehrte Damen und Herren, Liebe Kunst-Freunde, ich habe dieses Jahr den VBK-Benninghauspreis f\u00fcr mein zeichnerisches Werk bekommen. Am Freitag, den 30.6.2017 um 19 Uhr er\u00f6ffnet nun die Einzelpr\u00e4sentation meiner Arbeiten in der Galerie VEREIN BERLINER K\u00dcNSTLER mit dem Titel NOTATIONEN. Es werden haupts\u00e4chlich Zeichnungen der letzten zwei Jahre gezeigt. Sie sind herzlich eingeladen! Viele [&hellip;]<\/p>\n","protected":false},"author":1,"featured_media":0,"comment_status":"open","ping_status":"open","sticky":false,"template":"","format":"standard","meta":{"_et_pb_use_builder":"","_et_pb_old_content":"","_et_gb_content_width":"","ngg_post_thumbnail":0,"jetpack_post_was_ever_published":false,"_jetpack_newsletter_access":"","_jetpack_dont_email_post_to_subs":false,"_jetpack_newsletter_tier_id":0,"_jetpack_memberships_contains_paywalled_content":false,"_jetpack_memberships_contains_paid_content":false,"footnotes":"","jetpack_publicize_message":"","jetpack_publicize_feature_enabled":true,"jetpack_social_post_already_shared":true,"jetpack_social_options":{"image_generator_settings":{"template":"highway","default_image_id":0,"font":"","enabled":false},"version":2}},"categories":[4],"tags":[],"class_list":["post-478","post","type-post","status-publish","format-standard","hentry","category-news"],"jetpack_publicize_connections":[],"jetpack_featured_media_url":"","jetpack_sharing_enabled":true,"jetpack_shortlink":"https:\/\/wp.me\/p7Z7IB-7I","_links":{"self":[{"href":"https:\/\/berliner.grafikkalender.de\/index.php?rest_route=\/wp\/v2\/posts\/478","targetHints":{"allow":["GET"]}}],"collection":[{"href":"https:\/\/berliner.grafikkalender.de\/index.php?rest_route=\/wp\/v2\/posts"}],"about":[{"href":"https:\/\/berliner.grafikkalender.de\/index.php?rest_route=\/wp\/v2\/types\/post"}],"author":[{"embeddable":true,"href":"https:\/\/berliner.grafikkalender.de\/index.php?rest_route=\/wp\/v2\/users\/1"}],"replies":[{"embeddable":true,"href":"https:\/\/berliner.grafikkalender.de\/index.php?rest_route=%2Fwp%2Fv2%2Fcomments&post=478"}],"version-history":[{"count":1,"href":"https:\/\/berliner.grafikkalender.de\/index.php?rest_route=\/wp\/v2\/posts\/478\/revisions"}],"predecessor-version":[{"id":480,"href":"https:\/\/berliner.grafikkalender.de\/index.php?rest_route=\/wp\/v2\/posts\/478\/revisions\/480"}],"wp:attachment":[{"href":"https:\/\/berliner.grafikkalender.de\/index.php?rest_route=%2Fwp%2Fv2%2Fmedia&parent=478"}],"wp:term":[{"taxonomy":"category","embeddable":true,"href":"https:\/\/berliner.grafikkalender.de\/index.php?rest_route=%2Fwp%2Fv2%2Fcategories&post=478"},{"taxonomy":"post_tag","embeddable":true,"href":"https:\/\/berliner.grafikkalender.de\/index.php?rest_route=%2Fwp%2Fv2%2Ftags&post=478"}],"curies":[{"name":"wp","href":"https:\/\/api.w.org\/{rel}","templated":true}]}}