{"id":599,"date":"2018-07-11T15:24:14","date_gmt":"2018-07-11T15:24:14","guid":{"rendered":"http:\/\/berliner.grafikkalender.de\/?p=599"},"modified":"2018-07-11T15:24:14","modified_gmt":"2018-07-11T15:24:14","slug":"michael-bause-einladung-zur-ausstellungseroeffnung-am-freitag-13-juli-um-19-uhr-bei-ep-contemporary-berlin","status":"publish","type":"post","link":"https:\/\/berliner.grafikkalender.de\/?p=599","title":{"rendered":"Michael Bause: Einladung zur Ausstellungser\u00f6ffnung am Freitag 13. Juli um 19 Uhr bei ep. contemporary Berlin"},"content":{"rendered":"<p>13 +13<br \/>\nwarten &#8211; wechseln<\/p>\n<p>Gastk\u00fcnstler*innen und K\u00fcnstler*innen von ep.contemporary bilden folgende Kunstduette:&nbsp;<\/p>\n<p><b>Michael Bause \u2013 Anna Roberta Vattes<br \/>\nAngelika Frommherz \u2013 B\u00e9atrice Nicolas<br \/>\nHaruka Hirai \u2013 Regine Spangenthal<br \/>\nKama Jackowska \u2013 Uschi Krempel<br \/>\nJens Komossa \u2013 Angela Br\u00f6han<br \/>\nUte Lindner \u2013 georgia Krawiec<br \/>\nUna H. Moehrke \u2013 Jochen Schneider<br \/>\nR\u00e9my Mouton \u2013 Martina Reichelt<br \/>\nA. Paola Neumann \u2013 Christian Buchloh<br \/>\nEv Pommer \u2013 Dorothea Schutsch<br \/>\nJens Sch\u00fcnemann \u2013 Sabine Wild<br \/>\nSongwen Sun-von Berg \u2013 Matthias Hagemann<br \/>\nJoerg Waehner \u2013 Ophelia Beckmann<\/b><\/p>\n<p>Ausstellung vom 12. Juli 2018 \u2014 08. September 2018<br \/>\n<b>Vernissage Freitag 13. Juli 2018 |19 Uhr<\/b><\/p>\n<p>In der Gruppenausstellung \u201e13 +13 \u2013 warten.wechseln.warten.wechseln.warten.wechseln.warten.wechseln.warten\u2026\u201c&nbsp;<br \/>\nladen 13 K\u00fcnstler*innen der ep.contemporary zum ersten Mal 13 Gastk\u00fcnstler*innen ein, Arbeiten im Kunstduett zu pr\u00e4sentieren.&nbsp;<br \/>\nIm Mittelpunkt der Ausstellung stehen Dialoge zwischen einer K\u00fcnstler*in der Galerie und ihrer eingeladenen Gastk\u00fcnstler*in,&nbsp;<br \/>\ndie auch r\u00e4umlich als Zwiegespr\u00e4ch in den Ausstellungsr\u00e4umen erfahrbar sind.&nbsp;<br \/>\nDie pr\u00e4sentierten Genres reichen von Skulptur und Malerei, \u00fcber Zeichnung, Fotografie und Grafik bis zu Neuen Medien.&nbsp;<br \/>\nAuch werden Werke gezeigt, die als Gemeinschaftsarbeit der Kunstduette entstanden sind.<\/p>\n<p><b>ep.contemporary<\/b><br \/>\nPohlstra\u00dfe 71&nbsp;<\/p>\n<div>10785 Berlin&nbsp;<\/div>\n<div>+49 30 652 180 18<\/p>\n<div><a href=\"mailto:info@ep-contemporary.de\">info@ep-contemporary.de<\/a><\/div>\n<\/div>\n","protected":false},"excerpt":{"rendered":"<p>13 +13 warten &#8211; wechseln Gastk\u00fcnstler*innen und K\u00fcnstler*innen von ep.contemporary bilden folgende Kunstduette:&nbsp; Michael Bause \u2013 Anna Roberta Vattes Angelika Frommherz \u2013 B\u00e9atrice Nicolas Haruka Hirai \u2013 Regine Spangenthal Kama Jackowska \u2013 Uschi Krempel Jens Komossa \u2013 Angela Br\u00f6han Ute Lindner \u2013 georgia Krawiec Una H. Moehrke \u2013 Jochen Schneider R\u00e9my Mouton \u2013 Martina Reichelt [&hellip;]<\/p>\n","protected":false},"author":1,"featured_media":0,"comment_status":"open","ping_status":"open","sticky":false,"template":"","format":"standard","meta":{"_et_pb_use_builder":"","_et_pb_old_content":"","_et_gb_content_width":"","ngg_post_thumbnail":0,"jetpack_post_was_ever_published":false,"_jetpack_newsletter_access":"","_jetpack_dont_email_post_to_subs":false,"_jetpack_newsletter_tier_id":0,"_jetpack_memberships_contains_paywalled_content":false,"_jetpack_memberships_contains_paid_content":false,"footnotes":"","jetpack_publicize_message":"","jetpack_publicize_feature_enabled":true,"jetpack_social_post_already_shared":true,"jetpack_social_options":{"image_generator_settings":{"template":"highway","default_image_id":0,"font":"","enabled":false},"version":2}},"categories":[4],"tags":[],"class_list":["post-599","post","type-post","status-publish","format-standard","hentry","category-news"],"jetpack_publicize_connections":[],"jetpack_featured_media_url":"","jetpack_sharing_enabled":true,"jetpack_shortlink":"https:\/\/wp.me\/p7Z7IB-9F","_links":{"self":[{"href":"https:\/\/berliner.grafikkalender.de\/index.php?rest_route=\/wp\/v2\/posts\/599","targetHints":{"allow":["GET"]}}],"collection":[{"href":"https:\/\/berliner.grafikkalender.de\/index.php?rest_route=\/wp\/v2\/posts"}],"about":[{"href":"https:\/\/berliner.grafikkalender.de\/index.php?rest_route=\/wp\/v2\/types\/post"}],"author":[{"embeddable":true,"href":"https:\/\/berliner.grafikkalender.de\/index.php?rest_route=\/wp\/v2\/users\/1"}],"replies":[{"embeddable":true,"href":"https:\/\/berliner.grafikkalender.de\/index.php?rest_route=%2Fwp%2Fv2%2Fcomments&post=599"}],"version-history":[{"count":2,"href":"https:\/\/berliner.grafikkalender.de\/index.php?rest_route=\/wp\/v2\/posts\/599\/revisions"}],"predecessor-version":[{"id":601,"href":"https:\/\/berliner.grafikkalender.de\/index.php?rest_route=\/wp\/v2\/posts\/599\/revisions\/601"}],"wp:attachment":[{"href":"https:\/\/berliner.grafikkalender.de\/index.php?rest_route=%2Fwp%2Fv2%2Fmedia&parent=599"}],"wp:term":[{"taxonomy":"category","embeddable":true,"href":"https:\/\/berliner.grafikkalender.de\/index.php?rest_route=%2Fwp%2Fv2%2Fcategories&post=599"},{"taxonomy":"post_tag","embeddable":true,"href":"https:\/\/berliner.grafikkalender.de\/index.php?rest_route=%2Fwp%2Fv2%2Ftags&post=599"}],"curies":[{"name":"wp","href":"https:\/\/api.w.org\/{rel}","templated":true}]}}