{"id":607,"date":"2018-08-20T14:52:45","date_gmt":"2018-08-20T14:52:45","guid":{"rendered":"http:\/\/berliner.grafikkalender.de\/?p=607"},"modified":"2018-08-20T14:52:45","modified_gmt":"2018-08-20T14:52:45","slug":"toni-wirthmueller-hal-studiogalerie","status":"publish","type":"post","link":"https:\/\/berliner.grafikkalender.de\/?p=607","title":{"rendered":"Toni Wirthm\u00fcller: Hal &#8211; Studiogalerie"},"content":{"rendered":"<div><\/div>\n<table class=\"templateContainer\" width=\"100%\">\n<tbody>\n<tr>\n<td id=\"templatePreheader\">\n<table class=\"mcnImageBlock\" width=\"100%\">\n<tbody class=\"mcnImageBlockOuter\">\n<tr>\n<td class=\"mcnImageBlockInner\">\n<table class=\"mcnImageContentContainer\" width=\"100%\" align=\"left\">\n<tbody>\n<tr>\n<td class=\"mcnImageContent\"><img data-recalc-dims=\"1\" decoding=\"async\" class=\"mcnImage\" src=\"https:\/\/i0.wp.com\/berliner.grafikkalender.de\/wp-content\/uploads\/2018\/08\/594fa111-8424-449d-a0cf-cd4789589343.jpg?w=1080\" alt=\"\" align=\"left\" \/><\/td>\n<\/tr>\n<\/tbody>\n<\/table>\n<\/td>\n<\/tr>\n<\/tbody>\n<\/table>\n<\/td>\n<\/tr>\n<tr>\n<td id=\"templateHeader\">\n<table class=\"mcnTextBlock\" width=\"100%\">\n<tbody class=\"mcnTextBlockOuter\">\n<tr>\n<td class=\"mcnTextBlockInner\">\n<table class=\"mcnTextContentContainer\" width=\"100%\" align=\"left\">\n<tbody>\n<tr>\n<td class=\"mcnTextContent\">\n<div>Ausstellungser\u00f6ffnung in der Studiogalerie<\/div>\n<\/td>\n<\/tr>\n<\/tbody>\n<\/table>\n<\/td>\n<\/tr>\n<\/tbody>\n<\/table>\n<\/td>\n<\/tr>\n<tr>\n<td id=\"templateBody\">\n<table class=\"mcnDividerBlock\" width=\"100%\">\n<tbody class=\"mcnDividerBlockOuter\">\n<tr>\n<td class=\"mcnDividerBlockInner\">\n<table class=\"mcnDividerContent\" width=\"100%\">\n<tbody>\n<tr>\n<td><\/td>\n<\/tr>\n<\/tbody>\n<\/table>\n<\/td>\n<\/tr>\n<\/tbody>\n<\/table>\n<table class=\"mcnImageBlock\" width=\"100%\">\n<tbody class=\"mcnImageBlockOuter\">\n<tr>\n<td class=\"mcnImageBlockInner\">\n<table class=\"mcnImageContentContainer\" width=\"100%\" align=\"left\">\n<tbody>\n<tr>\n<td class=\"mcnImageContent\"><img data-recalc-dims=\"1\" decoding=\"async\" class=\"mcnImage\" src=\"https:\/\/i0.wp.com\/berliner.grafikkalender.de\/wp-content\/uploads\/2018\/08\/06eeb194-c36f-404a-8497-ee56c9af8ba3.jpg?w=1080\" alt=\"\" align=\"middle\" \/><\/td>\n<\/tr>\n<\/tbody>\n<\/table>\n<\/td>\n<\/tr>\n<\/tbody>\n<\/table>\n<table class=\"mcnTextBlock\" width=\"100%\">\n<tbody class=\"mcnTextBlockOuter\">\n<tr>\n<td class=\"mcnTextBlockInner\">\n<table class=\"mcnTextContentContainer\" width=\"100%\" align=\"left\">\n<tbody>\n<tr>\n<td class=\"mcnTextContent\">\n<div>\n<div>Sehr herzlich laden wir Sie und Ihre Freunde zur Ausstellungser\u00f6ffnung ein am:<\/p>\n<p><strong>Freitag, 22. Juni 2018 um 19.00 Uhr<\/strong><\/div>\n<div><\/div>\n<div><strong>Pirating Presence &#8211; Eine Aneignung der Aneignung<\/strong><\/p>\n<p>Mit Werken von:<br \/>\nMargret Eicher<br \/>\nAdi H\u00f6sle<br \/>\nIsabel Kerkermeier<br \/>\nStefan R\u00f6mer<br \/>\nHeidi Sill<br \/>\nSusanne Wehr<br \/>\nToni Wirthm\u00fcller\n<\/p><\/div>\n<p>\u201eAneignung\u201c meint in der Kunst einen k\u00fcnstlerischen Akt der \u201eInbesitznahme\u201c. Die Appropriation Art markierte um 1980 einen grunds\u00e4tzlichen Unterschied zum Aneignungs-Begriff in der Moderne. Danach wird postmoderne Aneignung nicht mehr als \u201emimetische Nachahmung\u201c verstanden, sondern als ein (oft fototechnischer) k\u00fcnstlerischer Kopier- oder Reproduktionsvorgang, mit dem ein Objekt (unerheblich ob visuell, physisch oder theoretisch) einschlie\u00dflich seiner Rezeptionsgeschichte medial angeeigne wirdt. In der beschleunigten, geschichtsvergessenen Gegenwart scheint nun wieder eine gewisse Beliebigkeit hinsichtlich des Aneignungsbegriffs um sich zu greifen. In dieser zeitgen\u00f6ssischen Vielf\u00e4ltigkeit finden parallel vormoderne, modernistische und postmoderne Ans\u00e4tze Verwendung. Dies thematisieren die sieben beteiligten K\u00fcnstler*innen auf unterschiedliche Weise in ihrer\u00a0Ausstellung im Haus am L\u00fctzowplatz.<br \/>\nEin Schwerpunkt der Ausstellung ist ein Vortragsprogramm, das eine neue theoretische Auseinandersetzung mit der k\u00fcnstlerischen Aneignung auf zeitgen\u00f6ssische Aspekte hin \u00fcberpr\u00fcft, mit Beitr\u00e4gen von: Wolfgang Ullrich, Kerstin Stakemeier, Cornelia Sollfrank, Stephan Berg und Hanna Magauer.<\/p>\n<p><img data-recalc-dims=\"1\" decoding=\"async\" src=\"https:\/\/i0.wp.com\/berliner.grafikkalender.de\/wp-content\/uploads\/2018\/08\/598fbd58-592d-49dc-8423-27b377229b25.jpg?w=1080\" \/><\/p>\n<p>Laufzeit der Ausstellung bis 5. August 2018<br \/>\n&nbsp;<\/p>\n<\/div>\n<\/td>\n<\/tr>\n<\/tbody>\n<\/table>\n<\/td>\n<\/tr>\n<\/tbody>\n<\/table>\n<table class=\"mcnDividerBlock\" width=\"100%\">\n<tbody class=\"mcnDividerBlockOuter\">\n<tr>\n<td class=\"mcnDividerBlockInner\">\n<table class=\"mcnDividerContent\" width=\"100%\">\n<tbody>\n<tr>\n<td><\/td>\n<\/tr>\n<\/tbody>\n<\/table>\n<\/td>\n<\/tr>\n<\/tbody>\n<\/table>\n<table class=\"mcnTextBlock\" width=\"100%\">\n<tbody class=\"mcnTextBlockOuter\">\n<tr>\n<td class=\"mcnTextBlockInner\">\n<table class=\"mcnTextContentContainer\" width=\"100%\" align=\"left\">\n<tbody>\n<tr>\n<td class=\"mcnTextContent\">\n<div>\n<p><strong>Vortragsprogramm &#8222;Aneignung der Aneignung: eine Aktualisierung&#8220;<\/strong><\/p>\n<p>Donnerstag, 28. Juni 2018, 19.00 Uhr<br \/>\nWolfgang Ullrich (Kunsthistoriker &amp; Kunstkritiker)<\/p>\n<p>Samstag, 21. Juli 2018, 16.00 Uhr<br \/>\nHanna Magauer (Kunsthistorikerin)<br \/>\nStephan Berg (Museumsdirektor)<\/p>\n<p>Samstag, 28. Juli 2018, 16.00 Uhr<br \/>\nCornelia Sollfrank (K\u00fcnstlerin &amp; Forscherin)<br \/>\nKerstin Stakemeier (Kunsthistorikerin &amp; Kunsttheoretiker<\/p>\n<div>www.hal-berlin.de<\/div>\n<div>L\u00dcTZOWPLATZ 9 | 10785 BERLIN-TIERGARTEN | TELEFON 030 &#8211; 261 38 05<\/div>\n<\/div>\n<\/td>\n<\/tr>\n<\/tbody>\n<\/table>\n<\/td>\n<\/tr>\n<\/tbody>\n<\/table>\n<\/td>\n<\/tr>\n<\/tbody>\n<\/table>\n<div><\/div>\n<div>\n<p>Liebe Kunstfreunde*innen,<\/p>\n<p><span style=\"color: #000000;\"><span style=\"font-family: arial, helvetica, sans-serif;\">in unregelm\u00e4\u00dfigen Abst\u00e4nden informiere ich Sie mit einem Newsletter \u00fcber meine Ausstellungen.Ich m\u00f6chte Sie gerne auch in Zukunft \u00fcber<\/span><\/span><\/p>\n<p><span style=\"color: #000000;\"><span style=\"font-family: arial, helvetica, sans-serif;\">meine Aktivit\u00e4ten auf dem Laufenden halten. Ihre pers\u00f6nlichen Daten (Vorname, Name und E-Mail-Adresse) verwende ich ausschlie\u00dflich f\u00fcr <\/span><\/span><\/p>\n<p><span style=\"color: #000000;\"><span style=\"font-family: arial, helvetica, sans-serif;\">den Versand meiner Newsletter bzgl. Einladungen zu Ausstellungen oder anderer Veranstaltungen, die im Zusammenhang mit meinen k\u00fcnstlerischen Aktivit\u00e4ten stehen.<\/span><\/span><\/p>\n<p>Wenn Sie dies nicht mehr m\u00f6chten, senden Sie bitte eine Antwort-Email mit dem Betreff &#8222;abmelden&#8220;.Vielen Dank und beste Gr\u00fc\u00dfe, Toni Wirthm\u00fcller<\/p>\n<\/div>\n<div><\/div>\n","protected":false},"excerpt":{"rendered":"<p>Ausstellungser\u00f6ffnung in der Studiogalerie Sehr herzlich laden wir Sie und Ihre Freunde zur Ausstellungser\u00f6ffnung ein am: Freitag, 22. Juni 2018 um 19.00 Uhr Pirating Presence &#8211; Eine Aneignung der Aneignung Mit Werken von: Margret Eicher Adi H\u00f6sle Isabel Kerkermeier Stefan R\u00f6mer Heidi Sill Susanne Wehr Toni Wirthm\u00fcller \u201eAneignung\u201c meint in der Kunst einen k\u00fcnstlerischen Akt [&hellip;]<\/p>\n","protected":false},"author":1,"featured_media":0,"comment_status":"open","ping_status":"open","sticky":false,"template":"","format":"standard","meta":{"_et_pb_use_builder":"","_et_pb_old_content":"","_et_gb_content_width":"","ngg_post_thumbnail":0,"jetpack_post_was_ever_published":false,"_jetpack_newsletter_access":"","_jetpack_dont_email_post_to_subs":false,"_jetpack_newsletter_tier_id":0,"_jetpack_memberships_contains_paywalled_content":false,"_jetpack_memberships_contains_paid_content":false,"footnotes":"","jetpack_publicize_message":"","jetpack_publicize_feature_enabled":true,"jetpack_social_post_already_shared":true,"jetpack_social_options":{"image_generator_settings":{"template":"highway","default_image_id":0,"font":"","enabled":false},"version":2}},"categories":[4],"tags":[],"class_list":["post-607","post","type-post","status-publish","format-standard","hentry","category-news"],"jetpack_publicize_connections":[],"jetpack_featured_media_url":"","jetpack_sharing_enabled":true,"jetpack_shortlink":"https:\/\/wp.me\/p7Z7IB-9N","_links":{"self":[{"href":"https:\/\/berliner.grafikkalender.de\/index.php?rest_route=\/wp\/v2\/posts\/607","targetHints":{"allow":["GET"]}}],"collection":[{"href":"https:\/\/berliner.grafikkalender.de\/index.php?rest_route=\/wp\/v2\/posts"}],"about":[{"href":"https:\/\/berliner.grafikkalender.de\/index.php?rest_route=\/wp\/v2\/types\/post"}],"author":[{"embeddable":true,"href":"https:\/\/berliner.grafikkalender.de\/index.php?rest_route=\/wp\/v2\/users\/1"}],"replies":[{"embeddable":true,"href":"https:\/\/berliner.grafikkalender.de\/index.php?rest_route=%2Fwp%2Fv2%2Fcomments&post=607"}],"version-history":[{"count":1,"href":"https:\/\/berliner.grafikkalender.de\/index.php?rest_route=\/wp\/v2\/posts\/607\/revisions"}],"predecessor-version":[{"id":611,"href":"https:\/\/berliner.grafikkalender.de\/index.php?rest_route=\/wp\/v2\/posts\/607\/revisions\/611"}],"wp:attachment":[{"href":"https:\/\/berliner.grafikkalender.de\/index.php?rest_route=%2Fwp%2Fv2%2Fmedia&parent=607"}],"wp:term":[{"taxonomy":"category","embeddable":true,"href":"https:\/\/berliner.grafikkalender.de\/index.php?rest_route=%2Fwp%2Fv2%2Fcategories&post=607"},{"taxonomy":"post_tag","embeddable":true,"href":"https:\/\/berliner.grafikkalender.de\/index.php?rest_route=%2Fwp%2Fv2%2Ftags&post=607"}],"curies":[{"name":"wp","href":"https:\/\/api.w.org\/{rel}","templated":true}]}}