{"id":691,"date":"2019-01-21T17:50:18","date_gmt":"2019-01-21T17:50:18","guid":{"rendered":"http:\/\/berliner.grafikkalender.de\/?p=691"},"modified":"2019-01-21T18:16:35","modified_gmt":"2019-01-21T18:16:35","slug":"pirating-presence-begehren-fake-und-taeuschung-mit-arbeiten-u-a-von-toni-wirthmueller","status":"publish","type":"post","link":"https:\/\/berliner.grafikkalender.de\/?p=691","title":{"rendered":"Pirating Presence &#8211; Begehren, Fake und T\u00e4uschung &#8211; mit Arbeiten u.a. von Toni Wirthm\u00fcller"},"content":{"rendered":"<div>\n<div><img data-recalc-dims=\"1\" decoding=\"async\" src=\"https:\/\/i0.wp.com\/www.kunstverein-tiergarten.de\/upload\/manuell\/Wehr--pp.jpg?w=1080\"><\/div>\n<div>&nbsp;<\/div>\n<div>&#8222;Kunstverein Tiergarten&#8220; &lt;info@kunstverein-tiergarten.de&gt;<br \/>\n&nbsp;<\/div>\n<div>\n<div>\n<p><span style=\"font-family: Helvetica, Arial, sans-serif;\"><a href=\"http:\/\/www.kunstverein-tiergarten.de\/upload\/manuell\/Wehr--pp.jpg\" target=\"_blank\" rel=\"noopener\"><img loading=\"lazy\" decoding=\"async\" src=\"mailbox:\/\/\/C:\/Users\/Javis\/AppData\/Roaming\/Thunderbird\/Profiles\/gvrihfsp.default\/Mail\/pop.gmx.de\/Inbox?number=1725554462&amp;part=1.2\" alt=\"\" width=\"300\" height=\"150\" border=\"0\"><\/a>&nbsp; <a href=\"http:\/\/www.kunstverein-tiergarten.de\/upload\/manuell\/Hoesle--pp.jpg\" target=\"_blank\" rel=\"noopener\"><img loading=\"lazy\" decoding=\"async\" src=\"mailbox:\/\/\/C:\/Users\/Javis\/AppData\/Roaming\/Thunderbird\/Profiles\/gvrihfsp.default\/Mail\/pop.gmx.de\/Inbox?number=1725554462&amp;part=1.3\" alt=\"\" width=\"238\" height=\"150\" border=\"0\"><\/a>&nbsp; <a href=\"http:\/\/www.kunstverein-tiergarten.de\/upload\/manuell\/Sill--pp.jpg\" target=\"_blank\" rel=\"noopener\"><img loading=\"lazy\" decoding=\"async\" src=\"mailbox:\/\/\/C:\/Users\/Javis\/AppData\/Roaming\/Thunderbird\/Profiles\/gvrihfsp.default\/Mail\/pop.gmx.de\/Inbox?number=1725554462&amp;part=1.4\" alt=\"\" width=\"225\" height=\"150\" border=\"0\"><\/a><\/span><\/p>\n<p><span style=\"font-family: Helvetica, Arial, sans-serif;\">Sehr geehrte Damen und Herren,<\/span><\/p>\n<p>der Kunstverein Tiergarten l\u00e4dt Sie herzlich zur Er\u00f6ffnung seiner neuen Ausstellung in die Galerie Nord ein:<\/p>\n<p><big><big><big><b>Pirating Presence<\/b> &#8211; Begehren, Fake und T\u00e4uschung<\/big><\/big><\/big><br \/>\n<span style=\"font-family: Helvetica, Arial, sans-serif;\">mit Arbeiten von <b>Margret Eicher, Adi Hoesle, Isabel Kerkermeier, Stefan R\u00f6mer, Heidi Sill, Susanne Wehr <\/b>und<b> Toni Wirthm\u00fcller<\/b><\/span><\/p>\n<p><span style=\"font-family: Helvetica, Arial, sans-serif;\"><b>Er\u00f6ffnung: Samstag 19. Januar, 19 Uhr <\/b><br \/>\nBegr\u00fc\u00dfung: Veronika Witte<\/span><br \/>\n<span style=\"font-family: Helvetica, Arial, sans-serif;\">Einf\u00fchrung: Dr. Claudia Beelitz<\/span><\/p>\n<p><span style=\"font-family: Helvetica, Arial, sans-serif;\"><i>Ausstellung: 22. Januar &#8211; 23. Februar 2019, Di-Sa 13-19 Uhr<\/i><\/span><\/p>\n<p>Das Ausstellungsprojekt <i>Pirating Presence<\/i> stellt sieben k\u00fcnstlerische Positionen zu komplexen Fragen der Bildaneignung und -transformation vor. Die Pr\u00e4sentation ist Teil einer Ausstellungsreihe, die von Margret Eicher, Adi Hoesle, Isabel Kerkermeier, Stefan R\u00f6mer, Heidi Sill, Susanne Wehr und Toni Wirthm\u00fcller entwickelt und aus variierenden Perspektiven in sechs verschiedenen Kunstvereinen und Museen 2018 und 2019 realisiert wird. Im Kontext dieser Reihe r\u00fcckt die Ausstellung in der Galerie Nord das Wecken von Begierden, das Verlangen nach Bil\u00addern und die ihnen nicht selten inh\u00e4renten Strategien der T\u00e4uschung in den Fokus.<\/p>\n<p>So schichtet Isabel Kerkermeier gebrauchte Werbeplanen und nutzt die Materialisierung des digitalen Bildes durch Abl\u00f6sen und Zerfasern nahezu bildhauerisch, um Bereiche von Transparenz und Verschleierung zu generieren. Toni Wirthm\u00fcller l\u00f6st getragene Kleidungsst\u00fccke aus ihrem urspr\u00fcnglichen Kontext und vollzieht mit farbiger Fassung, Fragmentierung und Montage fotografischer Zitate eine Aneignung durch Sampling. Susanne Wehr hingegen legt in ihren fotografischen Arbeiten die un\u00fcberschaubaren Archive des Internets zugrunde, fragt nach den M\u00f6glichkeiten von Einordnung und Bewertung und lotet das Feld von Bildbegehren und T\u00e4uschung aus. F\u00fcr Margret Eicher sind kunsthistorische Vorlagen das Ausgangsmaterial. Sie verbindet Jacquard-Tapisserien und Motive aus Hochglanzmagazinen als digitale Collagen. Hier trifft Glamour auf Melancholie und Isolation auf Begehren. Heidi Sill setzt sich in ihren Arbeiten mit Projektionsfl\u00e4chen des K\u00f6rpers, mit Sch\u00f6nheitsidealen und Vanitas auseinander. Ihre textile Installation schafft eine B\u00fchne, die ebenso in Szene setzt wie verschleiert und so mit dem Verlangen spielt. Mit Adi Hoesle ist ein K\u00fcnstler vertreten, der an den Schnittstellen von Kunst, Technik und Humanwissenschaften arbeitet. In den installativen und filmischen Arbeiten von Stefan R\u00f6mer geht es um eine konzeptuelle Untersuchung k\u00fcnstlerischer Aneignungsformen. So zeigt er unter anderem, dass Praktiken der Sch\u00f6nheitsproduktion, des Zitats oder des Loops immer von Begehren und T\u00e4uschung geleitet werden.<\/p>\n<p><span style=\"font-family: Helvetica, Arial, sans-serif;\">Alle in der Ausstellung vertretenen K\u00fcnst\u00adler*\u00adinnen samplen, dekonstruieren oder redefinieren Vorgefundenes; sie rezipieren und produzieren zugleich, indem sie das Ausgangsmaterial analysieren und transformieren. So werfen die Arbeiten der Ausstellung auf irritierende Weise Fragen nach der Bedeutung von Bildern auf.<\/span><br \/>\n&nbsp;<\/p>\n<hr size=\"2\" width=\"100%\">\n<p><span style=\"font-family: Helvetica, Arial, sans-serif;\"><b>Begleitende Veranstaltungen:<\/b><\/span><\/p>\n<p><span style=\"font-family: Helvetica, Arial, sans-serif;\"><i>Di 12.2., 19 Uhr<\/i><br \/>\n<b>Pr\u00e4zise L\u00fcgen &#8211; Begehren als Wahrheitsfunktion<\/b><br \/>\nPerformativer Vortrag von Dr. Marcus Steinweg<\/span><\/p>\n<p><i>Do 21.2., 19 Uhr<\/i><br \/>\n<b>Rundgang<\/b><br \/>\nDie K\u00fcnstler*innen im Gespr\u00e4ch mit Dr. Claudia Beelitz<br \/>\n&nbsp;<\/p>\n<hr size=\"2\" width=\"100%\">\n<p><span style=\"font-family: Helvetica, Arial, sans-serif;\"><small>Mit freundlicher Unterst\u00fctzung der bezirklichen F\u00f6rderfonds der Senatsverwaltung Kultur und Europa<\/small><\/span><br \/>\n&nbsp;<\/p>\n<hr size=\"2\" width=\"100%\">\n<p><small><span style=\"font-family: Helvetica, Arial, sans-serif;\">(Bilder zum Vergr\u00f6\u00dfern bitte anklicken!)<\/span><\/small><\/p>\n<p><span style=\"font-family: Helvetica, Arial, sans-serif;\"><small>Falls Sie keinen Newsletter mehr erhalten m\u00f6chten, antworten Sie bitte auf diese E-Mail mit dem Hinweis &#8222;Unsubscribe&#8220; in der Betreffzeile.<\/small><\/span><br \/>\n&nbsp;<\/p>\n<div class=\"moz-signature\">&#8212;<span style=\"font-family: courier new; font-size: xx-small;\"><span style=\"font-family: courier new; font-size: xx-small;\">Galerie Nord | Kunstverein Tiergarten<br \/>\nTurmstra\u00dfe 75, 10551 Berlin<br \/>\nFon 030\/9018-33454, Fax -33457<\/span><\/span><a class=\"moz-txt-link-abbreviated\" href=\"mailto:info@kunstverein-tiergarten.de\" target=\"_blank\" rel=\"noopener\">info@kunstverein-tiergarten.de<\/a><br \/>\n<a class=\"moz-txt-link-abbreviated\" href=\"http:\/\/www.kunstverein-tiergarten.de\" target=\"_blank\" rel=\"noopener\">www.kunstverein-tiergarten.de<\/a><br \/>\noder besuchen Sie uns auf <a href=\"https:\/\/www.facebook.com\/galerienordkunstvereintiergarten\/\" target=\"_blank\" rel=\"noopener\">facebook<\/a>Die Galerie ist ein kooperatives Regiemodell zwischen dem Fachbereich Kunst und Kultur Berlin-Mitte und dem Kunstverein Tiergarten e.V.<br \/>\n<a class=\"moz-txt-link-abbreviated\" href=\"http:\/\/www.kultur-mitte.de\" target=\"_blank\" rel=\"noopener\">www.kultur-mitte.de<\/a><\/p>\n<\/div>\n<\/div>\n<\/div>\n<\/div>\n","protected":false},"excerpt":{"rendered":"<p>&nbsp; &#8222;Kunstverein Tiergarten&#8220; &lt;info@kunstverein-tiergarten.de&gt; &nbsp; &nbsp; &nbsp; Sehr geehrte Damen und Herren, der Kunstverein Tiergarten l\u00e4dt Sie herzlich zur Er\u00f6ffnung seiner neuen Ausstellung in die Galerie Nord ein: Pirating Presence &#8211; Begehren, Fake und T\u00e4uschung mit Arbeiten von Margret Eicher, Adi Hoesle, Isabel Kerkermeier, Stefan R\u00f6mer, Heidi Sill, Susanne Wehr und Toni Wirthm\u00fcller Er\u00f6ffnung: Samstag [&hellip;]<\/p>\n","protected":false},"author":1,"featured_media":0,"comment_status":"open","ping_status":"open","sticky":false,"template":"","format":"standard","meta":{"_et_pb_use_builder":"","_et_pb_old_content":"","_et_gb_content_width":"","ngg_post_thumbnail":0,"jetpack_post_was_ever_published":false,"_jetpack_newsletter_access":"","_jetpack_dont_email_post_to_subs":false,"_jetpack_newsletter_tier_id":0,"_jetpack_memberships_contains_paywalled_content":false,"_jetpack_memberships_contains_paid_content":false,"footnotes":"","jetpack_publicize_message":"","jetpack_publicize_feature_enabled":true,"jetpack_social_post_already_shared":true,"jetpack_social_options":{"image_generator_settings":{"template":"highway","default_image_id":0,"font":"","enabled":false},"version":2}},"categories":[4],"tags":[],"class_list":["post-691","post","type-post","status-publish","format-standard","hentry","category-news"],"jetpack_publicize_connections":[],"jetpack_featured_media_url":"","jetpack_sharing_enabled":true,"jetpack_shortlink":"https:\/\/wp.me\/p7Z7IB-b9","_links":{"self":[{"href":"https:\/\/berliner.grafikkalender.de\/index.php?rest_route=\/wp\/v2\/posts\/691","targetHints":{"allow":["GET"]}}],"collection":[{"href":"https:\/\/berliner.grafikkalender.de\/index.php?rest_route=\/wp\/v2\/posts"}],"about":[{"href":"https:\/\/berliner.grafikkalender.de\/index.php?rest_route=\/wp\/v2\/types\/post"}],"author":[{"embeddable":true,"href":"https:\/\/berliner.grafikkalender.de\/index.php?rest_route=\/wp\/v2\/users\/1"}],"replies":[{"embeddable":true,"href":"https:\/\/berliner.grafikkalender.de\/index.php?rest_route=%2Fwp%2Fv2%2Fcomments&post=691"}],"version-history":[{"count":3,"href":"https:\/\/berliner.grafikkalender.de\/index.php?rest_route=\/wp\/v2\/posts\/691\/revisions"}],"predecessor-version":[{"id":694,"href":"https:\/\/berliner.grafikkalender.de\/index.php?rest_route=\/wp\/v2\/posts\/691\/revisions\/694"}],"wp:attachment":[{"href":"https:\/\/berliner.grafikkalender.de\/index.php?rest_route=%2Fwp%2Fv2%2Fmedia&parent=691"}],"wp:term":[{"taxonomy":"category","embeddable":true,"href":"https:\/\/berliner.grafikkalender.de\/index.php?rest_route=%2Fwp%2Fv2%2Fcategories&post=691"},{"taxonomy":"post_tag","embeddable":true,"href":"https:\/\/berliner.grafikkalender.de\/index.php?rest_route=%2Fwp%2Fv2%2Ftags&post=691"}],"curies":[{"name":"wp","href":"https:\/\/api.w.org\/{rel}","templated":true}]}}