{"id":734,"date":"2019-09-30T11:17:53","date_gmt":"2019-09-30T11:17:53","guid":{"rendered":"http:\/\/berliner.grafikkalender.de\/?p=734"},"modified":"2019-09-30T11:22:26","modified_gmt":"2019-09-30T11:22:26","slug":"der-blick-auf-uns","status":"publish","type":"post","link":"https:\/\/berliner.grafikkalender.de\/?p=734","title":{"rendered":"Der Blick auf uns"},"content":{"rendered":"\n<p><strong>Herzliche Einladung\u00a0<\/strong><br><strong>zur Er\u00f6ffnung der Ausstellung \u201eDer Blick auf uns\u201c\u00a0<\/strong><\/p>\n\n\n\n<p><strong>bei Wolf &amp; Galentz\u00a0<\/strong>(Wollankstr. 112a, 13187 Berlin)<\/p>\n\n\n\n<p><strong>am Freitag, den 27.09.2019, um 19 Uhr,<\/strong><\/p>\n\n\n\n<p>bei der ich beteiligt bin.<\/p>\n\n\n\n<p>Anbei ein Bild vom Ausstellungsaufbau.<br>Herzlichen Gru\u00df<\/p>\n\n\n\n<p>Ute Lindner<\/p>\n\n\n\n<p>Die Ausstellung l\u00e4uft bis zum 29.10.2019<\/p>\n\n\n\n<p>\u00d6ffnungszeiten: Mo 14-19 Uhr, So 19-23 Uhr<\/p>\n\n\n\n<p>Ute Lindner, \u201eThrough the Looking Glass (Arthur)&#8220;, <\/p>\n\n\n\n<p>doppelseitiger Siebdruck auf blauem Glas, 125 x 100 cm<\/p>\n\n\n\n<p>Der Blick auf uns<br>Neun Positionen zur Figuration<br>Wir laden Sie und Ihre Freund<em>innen herzlich zur Vernissage der Ausstellung Der Blick auf uns am Freitag, 27. September, um 19 Uhr ein. Tel.: +49 (0)30 81 40 11 51 www.wolf-galentz.de \u00d6ffnungszeiten: Montag 14\u201319 Uhr | Sonntag 19\u201323 Uhr Ausstellungsdauer: 27. 9. \u2013 29. 10. 2019 Wollankstra\u00dfe 112a 13187 Berlin K\u00fcnstler<\/em>innen<br> Jovan Balov, Malerei<br> Marc Haselbach, Skulptur<br> Henrik Jacob, Rubbings, Knetbilder<br> Ute Lindner, Siebdrucke auf Glas<br> Edvardas Racevicius, Skulptur<br> Fritz Stier, Video<br> Kata Unger, Bildteppich, Malerei<br> Ekkehard Vree, Aquarelle<br> Veronika Witte, Skulptur<br> kuratiert von Andreas Wolf<\/p>\n\n\n\n<p> <br><strong>UTE LINDNER<\/strong>&nbsp;&nbsp; &nbsp;Sch\u00f6nhauser Allee 72dD-10437 BerlinT +49-(0)30-44 04 89 84M +49-(0)152-21 92 43 52<a class=\"\" href=\"mailto:mail@utelindner.de\">mail@utelindner.de<\/a><a class=\"\" href=\"http:\/\/www.utelindner.de\">www.utelindner.de<\/a><br><\/p>\n","protected":false},"excerpt":{"rendered":"<p>Herzliche Einladung\u00a0zur Er\u00f6ffnung der Ausstellung \u201eDer Blick auf uns\u201c\u00a0 bei Wolf &amp; Galentz\u00a0(Wollankstr. 112a, 13187 Berlin) am Freitag, den 27.09.2019, um 19 Uhr, bei der ich beteiligt bin. Anbei ein Bild vom Ausstellungsaufbau.Herzlichen Gru\u00df Ute Lindner Die Ausstellung l\u00e4uft bis zum 29.10.2019 \u00d6ffnungszeiten: Mo 14-19 Uhr, So 19-23 Uhr Ute Lindner, \u201eThrough the Looking Glass [&hellip;]<\/p>\n","protected":false},"author":1,"featured_media":0,"comment_status":"open","ping_status":"open","sticky":false,"template":"","format":"standard","meta":{"_et_pb_use_builder":"off","_et_pb_old_content":"","_et_gb_content_width":"","ngg_post_thumbnail":0,"jetpack_post_was_ever_published":false,"_jetpack_newsletter_access":"","_jetpack_dont_email_post_to_subs":false,"_jetpack_newsletter_tier_id":0,"_jetpack_memberships_contains_paywalled_content":false,"_jetpack_memberships_contains_paid_content":false,"footnotes":"","jetpack_publicize_message":"","jetpack_publicize_feature_enabled":true,"jetpack_social_post_already_shared":true,"jetpack_social_options":{"image_generator_settings":{"template":"highway","default_image_id":0,"font":"","enabled":false},"version":2}},"categories":[4],"tags":[],"class_list":["post-734","post","type-post","status-publish","format-standard","hentry","category-news"],"jetpack_publicize_connections":[],"jetpack_featured_media_url":"","jetpack_sharing_enabled":true,"jetpack_shortlink":"https:\/\/wp.me\/p7Z7IB-bQ","_links":{"self":[{"href":"https:\/\/berliner.grafikkalender.de\/index.php?rest_route=\/wp\/v2\/posts\/734","targetHints":{"allow":["GET"]}}],"collection":[{"href":"https:\/\/berliner.grafikkalender.de\/index.php?rest_route=\/wp\/v2\/posts"}],"about":[{"href":"https:\/\/berliner.grafikkalender.de\/index.php?rest_route=\/wp\/v2\/types\/post"}],"author":[{"embeddable":true,"href":"https:\/\/berliner.grafikkalender.de\/index.php?rest_route=\/wp\/v2\/users\/1"}],"replies":[{"embeddable":true,"href":"https:\/\/berliner.grafikkalender.de\/index.php?rest_route=%2Fwp%2Fv2%2Fcomments&post=734"}],"version-history":[{"count":5,"href":"https:\/\/berliner.grafikkalender.de\/index.php?rest_route=\/wp\/v2\/posts\/734\/revisions"}],"predecessor-version":[{"id":739,"href":"https:\/\/berliner.grafikkalender.de\/index.php?rest_route=\/wp\/v2\/posts\/734\/revisions\/739"}],"wp:attachment":[{"href":"https:\/\/berliner.grafikkalender.de\/index.php?rest_route=%2Fwp%2Fv2%2Fmedia&parent=734"}],"wp:term":[{"taxonomy":"category","embeddable":true,"href":"https:\/\/berliner.grafikkalender.de\/index.php?rest_route=%2Fwp%2Fv2%2Fcategories&post=734"},{"taxonomy":"post_tag","embeddable":true,"href":"https:\/\/berliner.grafikkalender.de\/index.php?rest_route=%2Fwp%2Fv2%2Ftags&post=734"}],"curies":[{"name":"wp","href":"https:\/\/api.w.org\/{rel}","templated":true}]}}